{"id":9,"date":"2018-03-27T12:46:26","date_gmt":"2018-03-27T12:46:26","guid":{"rendered":"https:\/\/cistoca-imotske-krajine.hr\/cms\/?p=9"},"modified":"2019-03-15T00:29:45","modified_gmt":"2019-03-15T00:29:45","slug":"obavijest-svim-povremenim-korisnicima-usluge-sakupljanja-i-zbrinjavanja-mijesanog-komunalnog-otpada","status":"publish","type":"post","link":"https:\/\/cistoca-imotske-krajine.hr\/cms\/obavijest-svim-povremenim-korisnicima-usluge-sakupljanja-i-zbrinjavanja-mijesanog-komunalnog-otpada\/","title":{"rendered":"Obavijest svim povremenim korisnicima usluge sakupljanja i zbrinjavanja mije\u0161anog komunalnog otpada"},"content":{"rendered":"\r\n<p>Temeljem Zakona o odr\u017eivom gospodarenju otpadom, \u010dlanka 12. Op\u0107ih uvjeta javne usluge prikupljanja mije\u0161anog i biorazgradivog komunalnog otpada te \u010dlanka 13. Uredbe Vlade o gospodarenju komunalnim otpadom, obavje\u0161tavamo Vas da ste du\u017eni dostaviti presliku potro\u0161nje el. energije za svaki obra\u010dunski period kako bi se usluga mogla ispravno obra\u010dunati.<\/p>\r\n\r\n\r\n\r\n<p>Tra\u017eene podatke mo\u017eete dostavite putem po\u0161te, mail-a, fax-a ili osobno u prostorije Dru\u0161tva.<\/p>\r\n","protected":false},"excerpt":{"rendered":"<p>Temeljem Zakona o odr\u017eivom gospodarenju otpadom, \u010dlanka 12. Op\u0107ih uvjeta javne usluge prikupljanja mije\u0161anog i biorazgradivog komunalnog otpada te \u010dlanka 13. Uredbe Vlade o gospodarenju komunalnim otpadom, obavje\u0161tavamo Vas da ste du\u017eni dostaviti presliku potro\u0161nje el. energije za svaki obra\u010dunski period kako bi se usluga mogla ispravno obra\u010dunati. Tra\u017eene podatke mo\u017eete dostavite putem po\u0161te, mail-a, [&hellip;]<\/p>\n","protected":false},"author":1,"featured_media":115,"comment_status":"open","ping_status":"open","sticky":false,"template":"","format":"standard","meta":{"_et_pb_use_builder":"","_et_pb_old_content":"","footnotes":""},"categories":[2],"tags":[],"class_list":["post-9","post","type-post","status-publish","format-standard","has-post-thumbnail","hentry","category-aktualnosti"],"_links":{"self":[{"href":"https:\/\/cistoca-imotske-krajine.hr\/cms\/wp-json\/wp\/v2\/posts\/9","targetHints":{"allow":["GET"]}}],"collection":[{"href":"https:\/\/cistoca-imotske-krajine.hr\/cms\/wp-json\/wp\/v2\/posts"}],"about":[{"href":"https:\/\/cistoca-imotske-krajine.hr\/cms\/wp-json\/wp\/v2\/types\/post"}],"author":[{"embeddable":true,"href":"https:\/\/cistoca-imotske-krajine.hr\/cms\/wp-json\/wp\/v2\/users\/1"}],"replies":[{"embeddable":true,"href":"https:\/\/cistoca-imotske-krajine.hr\/cms\/wp-json\/wp\/v2\/comments?post=9"}],"version-history":[{"count":3,"href":"https:\/\/cistoca-imotske-krajine.hr\/cms\/wp-json\/wp\/v2\/posts\/9\/revisions"}],"predecessor-version":[{"id":213,"href":"https:\/\/cistoca-imotske-krajine.hr\/cms\/wp-json\/wp\/v2\/posts\/9\/revisions\/213"}],"wp:featuredmedia":[{"embeddable":true,"href":"https:\/\/cistoca-imotske-krajine.hr\/cms\/wp-json\/wp\/v2\/media\/115"}],"wp:attachment":[{"href":"https:\/\/cistoca-imotske-krajine.hr\/cms\/wp-json\/wp\/v2\/media?parent=9"}],"wp:term":[{"taxonomy":"category","embeddable":true,"href":"https:\/\/cistoca-imotske-krajine.hr\/cms\/wp-json\/wp\/v2\/categories?post=9"},{"taxonomy":"post_tag","embeddable":true,"href":"https:\/\/cistoca-imotske-krajine.hr\/cms\/wp-json\/wp\/v2\/tags?post=9"}],"curies":[{"name":"wp","href":"https:\/\/api.w.org\/{rel}","templated":true}]}}