{"id":828,"date":"2024-11-21T12:55:30","date_gmt":"2024-11-21T12:55:30","guid":{"rendered":"https:\/\/cistoca-imotske-krajine.hr\/cms\/?p=828"},"modified":"2024-11-22T09:45:15","modified_gmt":"2024-11-22T09:45:15","slug":"novi-raspored-odvoza-oporabljenog-otpada-za-opcine-lokvicici-zmijavci-i-lovrec","status":"publish","type":"post","link":"https:\/\/cistoca-imotske-krajine.hr\/cms\/novi-raspored-odvoza-oporabljenog-otpada-za-opcine-lokvicici-zmijavci-i-lovrec\/","title":{"rendered":"Novi raspored odvoza oporabljivog otpada za op\u0107ine Lokvi\u010di\u0107i, Zmijavci i Lovre\u0107."},"content":{"rendered":"<p><a href=\"https:\/\/cistoca-imotske-krajine.hr\/cms\/wp-content\/uploads\/2024\/11\/OPCINA-LOKVICICI-RASPORED-ODVOZA-OD-01-2025-DO-12-2025.docx\"><strong>LOKVI\u010cI\u0106I<\/strong><\/a><\/p>\n<p><a href=\"https:\/\/cistoca-imotske-krajine.hr\/cms\/wp-content\/uploads\/2024\/11\/OPCINA-ZMIJAVCI-2024-2025-RASPORED-ODVOZA-OPORABLJIVOG-OTPADA-OD-12-2024-DO-11-2025.docx\"><strong>ZMIJAVCI<\/strong><\/a><\/p>\n<p><a href=\"https:\/\/cistoca-imotske-krajine.hr\/cms\/wp-content\/uploads\/2024\/11\/OPCINA-LOVREC-RASPORED-ODVOZA-OD-01-2025-DO-12-2025.docx\"><strong>LOVRE\u0106<\/strong><\/a><\/p>\n","protected":false},"excerpt":{"rendered":"<p>LOKVI\u010cI\u0106I ZMIJAVCI LOVRE\u0106<\/p>\n","protected":false},"author":1,"featured_media":399,"comment_status":"open","ping_status":"open","sticky":false,"template":"","format":"standard","meta":{"_et_pb_use_builder":"","_et_pb_old_content":"","footnotes":""},"categories":[2,1],"tags":[],"class_list":["post-828","post","type-post","status-publish","format-standard","has-post-thumbnail","hentry","category-aktualnosti","category-uncategorized"],"_links":{"self":[{"href":"https:\/\/cistoca-imotske-krajine.hr\/cms\/wp-json\/wp\/v2\/posts\/828","targetHints":{"allow":["GET"]}}],"collection":[{"href":"https:\/\/cistoca-imotske-krajine.hr\/cms\/wp-json\/wp\/v2\/posts"}],"about":[{"href":"https:\/\/cistoca-imotske-krajine.hr\/cms\/wp-json\/wp\/v2\/types\/post"}],"author":[{"embeddable":true,"href":"https:\/\/cistoca-imotske-krajine.hr\/cms\/wp-json\/wp\/v2\/users\/1"}],"replies":[{"embeddable":true,"href":"https:\/\/cistoca-imotske-krajine.hr\/cms\/wp-json\/wp\/v2\/comments?post=828"}],"version-history":[{"count":2,"href":"https:\/\/cistoca-imotske-krajine.hr\/cms\/wp-json\/wp\/v2\/posts\/828\/revisions"}],"predecessor-version":[{"id":833,"href":"https:\/\/cistoca-imotske-krajine.hr\/cms\/wp-json\/wp\/v2\/posts\/828\/revisions\/833"}],"wp:featuredmedia":[{"embeddable":true,"href":"https:\/\/cistoca-imotske-krajine.hr\/cms\/wp-json\/wp\/v2\/media\/399"}],"wp:attachment":[{"href":"https:\/\/cistoca-imotske-krajine.hr\/cms\/wp-json\/wp\/v2\/media?parent=828"}],"wp:term":[{"taxonomy":"category","embeddable":true,"href":"https:\/\/cistoca-imotske-krajine.hr\/cms\/wp-json\/wp\/v2\/categories?post=828"},{"taxonomy":"post_tag","embeddable":true,"href":"https:\/\/cistoca-imotske-krajine.hr\/cms\/wp-json\/wp\/v2\/tags?post=828"}],"curies":[{"name":"wp","href":"https:\/\/api.w.org\/{rel}","templated":true}]}}