{"id":758,"date":"2024-03-04T08:46:04","date_gmt":"2024-03-04T08:46:04","guid":{"rendered":"https:\/\/cistoca-imotske-krajine.hr\/cms\/?p=758"},"modified":"2024-03-04T08:46:04","modified_gmt":"2024-03-04T08:46:04","slug":"promjena-adrese-sjedista-nase-tvrtke","status":"publish","type":"post","link":"https:\/\/cistoca-imotske-krajine.hr\/cms\/promjena-adrese-sjedista-nase-tvrtke\/","title":{"rendered":"Promjena adrese sjedi\u0161ta na\u0161e tvrtke"},"content":{"rendered":"<div class=\"x11i5rnm xat24cr x1mh8g0r x1vvkbs xtlvy1s x126k92a\">\n<div dir=\"auto\">Obavje\u0161tavamo sve korisnike i poslovne partnere kako na\u0161a tvrtka od danas ima sjedi\u0161te na adresi: \u0160etali\u0161te S. Radi\u0107a 22, Imotski (RK IMA), 1. kat., te smo otvoreni za posjete stranki.<\/div>\n<div dir=\"auto\"><\/div>\n<\/div>\n<div class=\"x11i5rnm xat24cr x1mh8g0r x1vvkbs xtlvy1s x126k92a\">\n<div dir=\"auto\">Napomena: Poradi navedenog preseljenja telefoni na\u0161e tvrtke ne\u0107e biti u funkciji kratko vrijeme te vas molimo za razumijevanje.<\/div>\n<\/div>\n","protected":false},"excerpt":{"rendered":"<p>Obavje\u0161tavamo sve korisnike i poslovne partnere kako na\u0161a tvrtka od danas ima sjedi\u0161te na adresi: \u0160etali\u0161te S. Radi\u0107a 22, Imotski (RK IMA), 1. kat., te smo otvoreni za posjete stranki. Napomena: Poradi navedenog preseljenja telefoni na\u0161e tvrtke ne\u0107e biti u funkciji kratko vrijeme te vas molimo za razumijevanje.<\/p>\n","protected":false},"author":1,"featured_media":759,"comment_status":"open","ping_status":"open","sticky":false,"template":"","format":"standard","meta":{"_et_pb_use_builder":"","_et_pb_old_content":"","footnotes":""},"categories":[2],"tags":[],"class_list":["post-758","post","type-post","status-publish","format-standard","has-post-thumbnail","hentry","category-aktualnosti"],"_links":{"self":[{"href":"https:\/\/cistoca-imotske-krajine.hr\/cms\/wp-json\/wp\/v2\/posts\/758","targetHints":{"allow":["GET"]}}],"collection":[{"href":"https:\/\/cistoca-imotske-krajine.hr\/cms\/wp-json\/wp\/v2\/posts"}],"about":[{"href":"https:\/\/cistoca-imotske-krajine.hr\/cms\/wp-json\/wp\/v2\/types\/post"}],"author":[{"embeddable":true,"href":"https:\/\/cistoca-imotske-krajine.hr\/cms\/wp-json\/wp\/v2\/users\/1"}],"replies":[{"embeddable":true,"href":"https:\/\/cistoca-imotske-krajine.hr\/cms\/wp-json\/wp\/v2\/comments?post=758"}],"version-history":[{"count":1,"href":"https:\/\/cistoca-imotske-krajine.hr\/cms\/wp-json\/wp\/v2\/posts\/758\/revisions"}],"predecessor-version":[{"id":760,"href":"https:\/\/cistoca-imotske-krajine.hr\/cms\/wp-json\/wp\/v2\/posts\/758\/revisions\/760"}],"wp:featuredmedia":[{"embeddable":true,"href":"https:\/\/cistoca-imotske-krajine.hr\/cms\/wp-json\/wp\/v2\/media\/759"}],"wp:attachment":[{"href":"https:\/\/cistoca-imotske-krajine.hr\/cms\/wp-json\/wp\/v2\/media?parent=758"}],"wp:term":[{"taxonomy":"category","embeddable":true,"href":"https:\/\/cistoca-imotske-krajine.hr\/cms\/wp-json\/wp\/v2\/categories?post=758"},{"taxonomy":"post_tag","embeddable":true,"href":"https:\/\/cistoca-imotske-krajine.hr\/cms\/wp-json\/wp\/v2\/tags?post=758"}],"curies":[{"name":"wp","href":"https:\/\/api.w.org\/{rel}","templated":true}]}}