{"id":7,"date":"2018-08-09T12:44:42","date_gmt":"2018-08-09T12:44:42","guid":{"rendered":"https:\/\/cistoca-imotske-krajine.hr\/cms\/?p=7"},"modified":"2019-03-11T22:22:58","modified_gmt":"2019-03-11T22:22:58","slug":"obavijest-za-stanovnike-prolosca-gornjeg-i-ricica","status":"publish","type":"post","link":"https:\/\/cistoca-imotske-krajine.hr\/cms\/obavijest-za-stanovnike-prolosca-gornjeg-i-ricica\/","title":{"rendered":"Obavijest za stanovnike Prolo\u0161ca Gornjeg i Ri\u010dica"},"content":{"rendered":"\r\n<p>Obavje\u0161tavaju se stanovnici Prolo\u0161ca Gornjeg i Ri\u010dica da \u0107e se odvoz komunalnog otpada umjesto dosada\u0161njom dinamikom odvoza subotom isti ubudu\u0107e odvoziti petkom.<\/p>\r\n","protected":false},"excerpt":{"rendered":"<p>Obavje\u0161tavaju se stanovnici Prolo\u0161ca Gornjeg i Ri\u010dica da \u0107e se odvoz komunalnog otpada umjesto dosada\u0161njom dinamikom odvoza subotom isti ubudu\u0107e odvoziti petkom.<\/p>\n","protected":false},"author":1,"featured_media":112,"comment_status":"open","ping_status":"open","sticky":false,"template":"","format":"standard","meta":{"_et_pb_use_builder":"","_et_pb_old_content":"","footnotes":""},"categories":[2],"tags":[],"class_list":["post-7","post","type-post","status-publish","format-standard","has-post-thumbnail","hentry","category-aktualnosti"],"_links":{"self":[{"href":"https:\/\/cistoca-imotske-krajine.hr\/cms\/wp-json\/wp\/v2\/posts\/7","targetHints":{"allow":["GET"]}}],"collection":[{"href":"https:\/\/cistoca-imotske-krajine.hr\/cms\/wp-json\/wp\/v2\/posts"}],"about":[{"href":"https:\/\/cistoca-imotske-krajine.hr\/cms\/wp-json\/wp\/v2\/types\/post"}],"author":[{"embeddable":true,"href":"https:\/\/cistoca-imotske-krajine.hr\/cms\/wp-json\/wp\/v2\/users\/1"}],"replies":[{"embeddable":true,"href":"https:\/\/cistoca-imotske-krajine.hr\/cms\/wp-json\/wp\/v2\/comments?post=7"}],"version-history":[{"count":3,"href":"https:\/\/cistoca-imotske-krajine.hr\/cms\/wp-json\/wp\/v2\/posts\/7\/revisions"}],"predecessor-version":[{"id":114,"href":"https:\/\/cistoca-imotske-krajine.hr\/cms\/wp-json\/wp\/v2\/posts\/7\/revisions\/114"}],"wp:featuredmedia":[{"embeddable":true,"href":"https:\/\/cistoca-imotske-krajine.hr\/cms\/wp-json\/wp\/v2\/media\/112"}],"wp:attachment":[{"href":"https:\/\/cistoca-imotske-krajine.hr\/cms\/wp-json\/wp\/v2\/media?parent=7"}],"wp:term":[{"taxonomy":"category","embeddable":true,"href":"https:\/\/cistoca-imotske-krajine.hr\/cms\/wp-json\/wp\/v2\/categories?post=7"},{"taxonomy":"post_tag","embeddable":true,"href":"https:\/\/cistoca-imotske-krajine.hr\/cms\/wp-json\/wp\/v2\/tags?post=7"}],"curies":[{"name":"wp","href":"https:\/\/api.w.org\/{rel}","templated":true}]}}