{"id":512,"date":"2021-07-29T08:39:23","date_gmt":"2021-07-29T08:39:23","guid":{"rendered":"https:\/\/cistoca-imotske-krajine.hr\/cms\/?p=512"},"modified":"2021-07-29T08:39:23","modified_gmt":"2021-07-29T08:39:23","slug":"koristenje-reciklaznog-dvorista-poljica","status":"publish","type":"post","link":"https:\/\/cistoca-imotske-krajine.hr\/cms\/koristenje-reciklaznog-dvorista-poljica\/","title":{"rendered":"KORI\u0160TENJE RECIKLA\u017dNOG DVORI\u0160TA &#8220;POLJICA&#8221;"},"content":{"rendered":"<p>Svi korisnici prikupljanja komunalnog otpada iz kategorije ku\u0107anstvo, mogu oporabljive sastojke otpada predati u recikla\u017eno dvori\u0161te Poljica, \u0160kobalju\u0161a 1.<\/p>\n<p>Koli\u010dine pojedinih kategorija otpada koje fizi\u010dka osoba ( evidentirana u evidenciji korisnika usluge \u00a0osobno ili kao \u010dlan ku\u0107anstva), mo\u017ee predati u recikla\u017eno dvori\u0161te, su definirane Pravilnikom o radu recikla\u017enog dvori\u0161ta.<\/p>\n<p>Pravilnik se nalazi na stranicama dru\u0161tva.<\/p>\n<p>Korisnici usluge, iz kategorije korisnika koji nije ku\u0107anstvo, ne mogu odlagati otpad u recikla\u017eno dvori\u0161te.<\/p>\n<p>Radno vrijeme recikla\u017enog dvori\u0161ta je radnim danom od 7-14 h, subotom od 8 \u2013 11 sati.<\/p>\n<p>Uvjet za predaju otpada u recikla\u017eno dvori\u0161te je uredno izmirivanje obveza prema \u010cisto\u0107i Imotske krajine d.o.o.<\/p>\n<p>&nbsp;<\/p>\n<p>Imotski, srpanj 2021.<\/p>\n<p>\u010cisto\u0107a Imotske krajine d.o.o.<\/p>\n","protected":false},"excerpt":{"rendered":"<p>Svi korisnici prikupljanja komunalnog otpada iz kategorije ku\u0107anstvo, mogu oporabljive sastojke otpada predati u recikla\u017eno dvori\u0161te Poljica, \u0160kobalju\u0161a 1. Koli\u010dine pojedinih kategorija otpada koje fizi\u010dka osoba ( evidentirana u evidenciji korisnika usluge \u00a0osobno ili kao \u010dlan ku\u0107anstva), mo\u017ee predati u recikla\u017eno dvori\u0161te, su definirane Pravilnikom o radu recikla\u017enog dvori\u0161ta. Pravilnik se nalazi na stranicama dru\u0161tva. [&hellip;]<\/p>\n","protected":false},"author":1,"featured_media":513,"comment_status":"open","ping_status":"open","sticky":false,"template":"","format":"standard","meta":{"_et_pb_use_builder":"","_et_pb_old_content":"","footnotes":""},"categories":[2,1],"tags":[],"class_list":["post-512","post","type-post","status-publish","format-standard","has-post-thumbnail","hentry","category-aktualnosti","category-uncategorized"],"_links":{"self":[{"href":"https:\/\/cistoca-imotske-krajine.hr\/cms\/wp-json\/wp\/v2\/posts\/512","targetHints":{"allow":["GET"]}}],"collection":[{"href":"https:\/\/cistoca-imotske-krajine.hr\/cms\/wp-json\/wp\/v2\/posts"}],"about":[{"href":"https:\/\/cistoca-imotske-krajine.hr\/cms\/wp-json\/wp\/v2\/types\/post"}],"author":[{"embeddable":true,"href":"https:\/\/cistoca-imotske-krajine.hr\/cms\/wp-json\/wp\/v2\/users\/1"}],"replies":[{"embeddable":true,"href":"https:\/\/cistoca-imotske-krajine.hr\/cms\/wp-json\/wp\/v2\/comments?post=512"}],"version-history":[{"count":1,"href":"https:\/\/cistoca-imotske-krajine.hr\/cms\/wp-json\/wp\/v2\/posts\/512\/revisions"}],"predecessor-version":[{"id":514,"href":"https:\/\/cistoca-imotske-krajine.hr\/cms\/wp-json\/wp\/v2\/posts\/512\/revisions\/514"}],"wp:featuredmedia":[{"embeddable":true,"href":"https:\/\/cistoca-imotske-krajine.hr\/cms\/wp-json\/wp\/v2\/media\/513"}],"wp:attachment":[{"href":"https:\/\/cistoca-imotske-krajine.hr\/cms\/wp-json\/wp\/v2\/media?parent=512"}],"wp:term":[{"taxonomy":"category","embeddable":true,"href":"https:\/\/cistoca-imotske-krajine.hr\/cms\/wp-json\/wp\/v2\/categories?post=512"},{"taxonomy":"post_tag","embeddable":true,"href":"https:\/\/cistoca-imotske-krajine.hr\/cms\/wp-json\/wp\/v2\/tags?post=512"}],"curies":[{"name":"wp","href":"https:\/\/api.w.org\/{rel}","templated":true}]}}