{"id":490,"date":"2020-12-21T09:45:19","date_gmt":"2020-12-21T09:45:19","guid":{"rendered":"https:\/\/cistoca-imotske-krajine.hr\/cms\/?p=490"},"modified":"2020-12-21T09:45:19","modified_gmt":"2020-12-21T09:45:19","slug":"novi-termin-zavrsne-konferencije-izgradnja-reciklaznog-dvorista-u-opcini-podbablje","status":"publish","type":"post","link":"https:\/\/cistoca-imotske-krajine.hr\/cms\/novi-termin-zavrsne-konferencije-izgradnja-reciklaznog-dvorista-u-opcini-podbablje\/","title":{"rendered":"Novi termin Zavr\u0161ne konferencije &#8220;Izgradnja recikla\u017enog dvori\u0161ta u op\u0107ini Podbablje&#8221;"},"content":{"rendered":"<p>Zavr\u0161na konferencija &#8220;Izgradnja recikla\u017enog dvori\u0161ta u op\u0107ini Podbablje&#8221; umjesto 22.12., odr\u017eati \u0107e se 30.12.2020. u 11 sati putem Facebook prijenosa u\u017eivo na stranici op\u0107ine Podbablje.<\/p>\n<p><img loading=\"lazy\" decoding=\"async\" class=\"alignnone size-large wp-image-491\" src=\"https:\/\/cistoca-imotske-krajine.hr\/cms\/wp-content\/uploads\/2020\/12\/Konferencija-reciklazno-1024x536.png\" alt=\"\" width=\"1024\" height=\"536\" srcset=\"https:\/\/cistoca-imotske-krajine.hr\/cms\/wp-content\/uploads\/2020\/12\/Konferencija-reciklazno-1024x536.png 1024w, https:\/\/cistoca-imotske-krajine.hr\/cms\/wp-content\/uploads\/2020\/12\/Konferencija-reciklazno-300x157.png 300w, https:\/\/cistoca-imotske-krajine.hr\/cms\/wp-content\/uploads\/2020\/12\/Konferencija-reciklazno-768x402.png 768w, https:\/\/cistoca-imotske-krajine.hr\/cms\/wp-content\/uploads\/2020\/12\/Konferencija-reciklazno-1080x565.png 1080w, https:\/\/cistoca-imotske-krajine.hr\/cms\/wp-content\/uploads\/2020\/12\/Konferencija-reciklazno.png 1200w\" sizes=\"auto, (max-width: 1024px) 100vw, 1024px\" \/><\/p>\n","protected":false},"excerpt":{"rendered":"<p>Zavr\u0161na konferencija &#8220;Izgradnja recikla\u017enog dvori\u0161ta u op\u0107ini Podbablje&#8221; umjesto 22.12., odr\u017eati \u0107e se 30.12.2020. u 11 sati putem Facebook prijenosa u\u017eivo na stranici op\u0107ine Podbablje.<\/p>\n","protected":false},"author":1,"featured_media":491,"comment_status":"open","ping_status":"open","sticky":false,"template":"","format":"standard","meta":{"_et_pb_use_builder":"","_et_pb_old_content":"","footnotes":""},"categories":[2],"tags":[],"class_list":["post-490","post","type-post","status-publish","format-standard","has-post-thumbnail","hentry","category-aktualnosti"],"_links":{"self":[{"href":"https:\/\/cistoca-imotske-krajine.hr\/cms\/wp-json\/wp\/v2\/posts\/490","targetHints":{"allow":["GET"]}}],"collection":[{"href":"https:\/\/cistoca-imotske-krajine.hr\/cms\/wp-json\/wp\/v2\/posts"}],"about":[{"href":"https:\/\/cistoca-imotske-krajine.hr\/cms\/wp-json\/wp\/v2\/types\/post"}],"author":[{"embeddable":true,"href":"https:\/\/cistoca-imotske-krajine.hr\/cms\/wp-json\/wp\/v2\/users\/1"}],"replies":[{"embeddable":true,"href":"https:\/\/cistoca-imotske-krajine.hr\/cms\/wp-json\/wp\/v2\/comments?post=490"}],"version-history":[{"count":1,"href":"https:\/\/cistoca-imotske-krajine.hr\/cms\/wp-json\/wp\/v2\/posts\/490\/revisions"}],"predecessor-version":[{"id":492,"href":"https:\/\/cistoca-imotske-krajine.hr\/cms\/wp-json\/wp\/v2\/posts\/490\/revisions\/492"}],"wp:featuredmedia":[{"embeddable":true,"href":"https:\/\/cistoca-imotske-krajine.hr\/cms\/wp-json\/wp\/v2\/media\/491"}],"wp:attachment":[{"href":"https:\/\/cistoca-imotske-krajine.hr\/cms\/wp-json\/wp\/v2\/media?parent=490"}],"wp:term":[{"taxonomy":"category","embeddable":true,"href":"https:\/\/cistoca-imotske-krajine.hr\/cms\/wp-json\/wp\/v2\/categories?post=490"},{"taxonomy":"post_tag","embeddable":true,"href":"https:\/\/cistoca-imotske-krajine.hr\/cms\/wp-json\/wp\/v2\/tags?post=490"}],"curies":[{"name":"wp","href":"https:\/\/api.w.org\/{rel}","templated":true}]}}