{"id":454,"date":"2020-10-09T12:53:32","date_gmt":"2020-10-09T12:53:32","guid":{"rendered":"https:\/\/cistoca-imotske-krajine.hr\/cms\/?p=454"},"modified":"2024-02-16T15:10:07","modified_gmt":"2024-02-16T15:10:07","slug":"odluke-o-pruzanju-javnih-usluga-za-jedinice-lokalne-samouprave","status":"publish","type":"post","link":"https:\/\/cistoca-imotske-krajine.hr\/cms\/odluke-o-pruzanju-javnih-usluga-za-jedinice-lokalne-samouprave\/","title":{"rendered":"Odluke o pru\u017eanju javnih usluga za Jedinice lokalne samouprave"},"content":{"rendered":"<p><a href=\"https:\/\/cistoca-imotske-krajine.hr\/cms\/wp-content\/uploads\/2020\/10\/Odluka-o-na\u010dinu-pru\u017eanja-javne-usluge-prikupljanja-mije\u0161anog-komunalnog-i-biorazgradivog-komunalnog-otpada-na-podru\u010dju-op\u0107ine-Cista-Provo-1.pdf\" target=\"_blank\" rel=\"noopener noreferrer\">Odluka o na\u010dinu pru\u017eanja javne usluge prikupljanja mije\u0161anog komunalnog otpada i biorazgradivog komunalnog otpada na podru\u010dju op\u0107ine <strong>Cista Provo<\/strong><\/a><\/p>\n<p><a href=\"https:\/\/cistoca-imotske-krajine.hr\/cms\/wp-content\/uploads\/2020\/10\/Odluka-o-na\u010dinu-pru\u017eanja-javne-usluge-prikupljanja-mije\u0161anog-komunalnog-otpada-i-biorazgradivog-komunalnog-otpada-na-podru\u010dju-Op\u0107ine-Lokvi\u010di\u0107i-1.pdf\" target=\"_blank\" rel=\"noopener noreferrer\">Odluka o na\u010dinu pru\u017eanja javne usluge prikupljanja mije\u0161anog komunalnog otpada i biorazgradivog komunalnog otpada na podru\u010dju op\u0107ine <strong>Lokvi\u010di\u0107i<\/strong><\/a><\/p>\n<p><a href=\"https:\/\/cistoca-imotske-krajine.hr\/cms\/wp-content\/uploads\/2020\/10\/Odluka-o-na\u010dinu-pru\u017eanja-javne-usluge-prikupljanja-mije\u0161anog-komunalnog-otpada-i-biorazgradivog-komunalnog-otpada-na-podru\u010dju-Op\u0107ine-Lovre\u0107.pdf\" target=\"_blank\" rel=\"noopener noreferrer\">Odluka o na\u010dinu pru\u017eanja javne usluge prikupljanja mije\u0161anog komunalnog otpada i biorazgradivog komunalnog otpada na podru\u010dju op\u0107ine <strong>Lovre\u0107<\/strong><\/a><\/p>\n<p><a href=\"https:\/\/cistoca-imotske-krajine.hr\/cms\/wp-content\/uploads\/2020\/10\/Odluka-o-na\u010dinu-pru\u017eanja-javne-usluge-prikupljanja-mije\u0161anog-komunalnog-i-biorazgradivog-otpada-op\u0107ine-Prolo\u017eac.pdf\" target=\"_blank\" rel=\"noopener noreferrer\">Odluka o na\u010dinu pru\u017eanja javne usluge prikupljanja mije\u0161anog komunalnog otpada i biorazgradivog komunalnog otpada na podru\u010dju op\u0107ine <strong>Prolo\u017eac<\/strong><\/a><\/p>\n<p><a href=\"https:\/\/cistoca-imotske-krajine.hr\/cms\/wp-content\/uploads\/2020\/10\/Odluka-o-na\u010dinu-pru\u017eanja-javne-usluge-prikupljanja-mije\u0161anog-komunalnog-otpada-i-biorazgradivog-komunalnog-otpada-na-podru\u010dju-Op\u0107ine-Podbablje.pdf\" target=\"_blank\" rel=\"noopener noreferrer\">Odluka o na\u010dinu pru\u017eanja javne usluge prikupljanja mije\u0161anog komunalnog otpada i biorazgradivog komunalnog otpada na podru\u010dju op\u0107ine <strong>Podbablje<\/strong><\/a><\/p>\n<p><a href=\"https:\/\/cistoca-imotske-krajine.hr\/cms\/wp-content\/uploads\/2020\/10\/Odluka-o-na\u010dinu-pru\u017eanja-javne-usluge-prikupljanja-mije\u0161anog-komunalnog-otpada-i-biorazgradivog-komunalnog-otpada-na-podru\u010dju-op\u0107ine-Zagvozd-1.pdf\" target=\"_blank\" rel=\"noopener noreferrer\">Odluka o na\u010dinu pru\u017eanja javne usluge prikupljanja mije\u0161anog komunalnog otpada i biorazgradivog komunalnog otpada na podru\u010dju op\u0107ine <strong>Zagvozd<\/strong><\/a><\/p>\n<p><a href=\"https:\/\/cistoca-imotske-krajine.hr\/cms\/wp-content\/uploads\/2024\/02\/run.pdf\">Odluka o na\u010dinu pru\u017eanja javne usluge prikupljanja mije\u0161anog komunalnog otpada i biorazgradivog komunalnog otpada na podru\u010dju op\u0107ine <strong>Runovi\u0107i<\/strong><\/a><\/p>\n<p><a href=\"https:\/\/cistoca-imotske-krajine.hr\/cms\/wp-content\/uploads\/2020\/10\/Odluka-o-na\u010dinu-pru\u017eanja-javne-usluge-prikupljanja-mije\u0161anog-komunalnog-i-biorazgradivog-komunalnog-otpada-na-podru\u010dju-Op\u0107ine-Zmijavci.pdf\" target=\"_blank\" rel=\"noopener noreferrer\">Odluka o na\u010dinu pru\u017eanja javne usluge prikupljanja mije\u0161anog komunalnog otpada i biorazgradivog komunalnog otpada na podru\u010dju op\u0107ine <strong>Zmijavci<\/strong><\/a><\/p>\n","protected":false},"excerpt":{"rendered":"<p>Odluka o na\u010dinu pru\u017eanja javne usluge prikupljanja mije\u0161anog komunalnog otpada i biorazgradivog komunalnog otpada na podru\u010dju op\u0107ine Cista Provo Odluka o na\u010dinu pru\u017eanja javne usluge prikupljanja mije\u0161anog komunalnog otpada i biorazgradivog komunalnog otpada na podru\u010dju op\u0107ine Lokvi\u010di\u0107i Odluka o na\u010dinu pru\u017eanja javne usluge prikupljanja mije\u0161anog komunalnog otpada i biorazgradivog komunalnog otpada na podru\u010dju op\u0107ine Lovre\u0107 [&hellip;]<\/p>\n","protected":false},"author":1,"featured_media":399,"comment_status":"open","ping_status":"open","sticky":false,"template":"","format":"standard","meta":{"_et_pb_use_builder":"","_et_pb_old_content":"","footnotes":""},"categories":[2,1],"tags":[],"class_list":["post-454","post","type-post","status-publish","format-standard","has-post-thumbnail","hentry","category-aktualnosti","category-uncategorized"],"_links":{"self":[{"href":"https:\/\/cistoca-imotske-krajine.hr\/cms\/wp-json\/wp\/v2\/posts\/454","targetHints":{"allow":["GET"]}}],"collection":[{"href":"https:\/\/cistoca-imotske-krajine.hr\/cms\/wp-json\/wp\/v2\/posts"}],"about":[{"href":"https:\/\/cistoca-imotske-krajine.hr\/cms\/wp-json\/wp\/v2\/types\/post"}],"author":[{"embeddable":true,"href":"https:\/\/cistoca-imotske-krajine.hr\/cms\/wp-json\/wp\/v2\/users\/1"}],"replies":[{"embeddable":true,"href":"https:\/\/cistoca-imotske-krajine.hr\/cms\/wp-json\/wp\/v2\/comments?post=454"}],"version-history":[{"count":2,"href":"https:\/\/cistoca-imotske-krajine.hr\/cms\/wp-json\/wp\/v2\/posts\/454\/revisions"}],"predecessor-version":[{"id":753,"href":"https:\/\/cistoca-imotske-krajine.hr\/cms\/wp-json\/wp\/v2\/posts\/454\/revisions\/753"}],"wp:featuredmedia":[{"embeddable":true,"href":"https:\/\/cistoca-imotske-krajine.hr\/cms\/wp-json\/wp\/v2\/media\/399"}],"wp:attachment":[{"href":"https:\/\/cistoca-imotske-krajine.hr\/cms\/wp-json\/wp\/v2\/media?parent=454"}],"wp:term":[{"taxonomy":"category","embeddable":true,"href":"https:\/\/cistoca-imotske-krajine.hr\/cms\/wp-json\/wp\/v2\/categories?post=454"},{"taxonomy":"post_tag","embeddable":true,"href":"https:\/\/cistoca-imotske-krajine.hr\/cms\/wp-json\/wp\/v2\/tags?post=454"}],"curies":[{"name":"wp","href":"https:\/\/api.w.org\/{rel}","templated":true}]}}