{"id":336,"date":"2019-04-15T07:41:45","date_gmt":"2019-04-15T07:41:45","guid":{"rendered":"https:\/\/cistoca-imotske-krajine.hr\/cms\/?p=336"},"modified":"2019-04-15T07:41:45","modified_gmt":"2019-04-15T07:41:45","slug":"potvrda-o-uskladenosti-glavnog-projekta-sa-zakonskim-odredbama-iz-podrucja-zastite-od-pozara","status":"publish","type":"post","link":"https:\/\/cistoca-imotske-krajine.hr\/cms\/potvrda-o-uskladenosti-glavnog-projekta-sa-zakonskim-odredbama-iz-podrucja-zastite-od-pozara\/","title":{"rendered":"Potvrda o uskla\u0111enosti Glavnog projekta sa zakonskim odredbama iz podru\u010dja za\u0161tite od po\u017eara."},"content":{"rendered":"<p>Pristigla nam je i posljednja potrebita potvrda koja realizaciju projekta Kozja\u010di\u0107 dovodi u zavr\u0161nu administrativnu fazu i daje suglasnost za izvo\u0111enje radova.<\/p>\n<p>Naime, PU Splitsko dalmatinska, Sektor upravnih i inspekcijskih poslova dao je potvrdu o uskla\u0111enosti Glavnog projekta sa zakonskim odredbama iz podru\u010dja za\u0161tite od po\u017eara.<\/p>\n<p><img loading=\"lazy\" decoding=\"async\" class=\"alignnone size-medium wp-image-337\" src=\"https:\/\/cistoca-imotske-krajine.hr\/cms\/wp-content\/uploads\/2019\/04\/56915088_2249308818644004_9000439800850808832_n-208x300.jpg\" alt=\"\" width=\"208\" height=\"300\" srcset=\"https:\/\/cistoca-imotske-krajine.hr\/cms\/wp-content\/uploads\/2019\/04\/56915088_2249308818644004_9000439800850808832_n-208x300.jpg 208w, https:\/\/cistoca-imotske-krajine.hr\/cms\/wp-content\/uploads\/2019\/04\/56915088_2249308818644004_9000439800850808832_n.jpg 664w\" sizes=\"auto, (max-width: 208px) 100vw, 208px\" \/><\/p>\n<p>&nbsp;<\/p>\n","protected":false},"excerpt":{"rendered":"<p>Pristigla nam je i posljednja potrebita potvrda koja realizaciju projekta Kozja\u010di\u0107 dovodi u zavr\u0161nu administrativnu fazu i daje suglasnost za izvo\u0111enje radova. Naime, PU Splitsko dalmatinska, Sektor upravnih i inspekcijskih poslova dao je potvrdu o uskla\u0111enosti Glavnog projekta sa zakonskim odredbama iz podru\u010dja za\u0161tite od po\u017eara. &nbsp;<\/p>\n","protected":false},"author":1,"featured_media":337,"comment_status":"open","ping_status":"open","sticky":false,"template":"","format":"standard","meta":{"_et_pb_use_builder":"","_et_pb_old_content":"","footnotes":""},"categories":[2],"tags":[],"class_list":["post-336","post","type-post","status-publish","format-standard","has-post-thumbnail","hentry","category-aktualnosti"],"_links":{"self":[{"href":"https:\/\/cistoca-imotske-krajine.hr\/cms\/wp-json\/wp\/v2\/posts\/336","targetHints":{"allow":["GET"]}}],"collection":[{"href":"https:\/\/cistoca-imotske-krajine.hr\/cms\/wp-json\/wp\/v2\/posts"}],"about":[{"href":"https:\/\/cistoca-imotske-krajine.hr\/cms\/wp-json\/wp\/v2\/types\/post"}],"author":[{"embeddable":true,"href":"https:\/\/cistoca-imotske-krajine.hr\/cms\/wp-json\/wp\/v2\/users\/1"}],"replies":[{"embeddable":true,"href":"https:\/\/cistoca-imotske-krajine.hr\/cms\/wp-json\/wp\/v2\/comments?post=336"}],"version-history":[{"count":1,"href":"https:\/\/cistoca-imotske-krajine.hr\/cms\/wp-json\/wp\/v2\/posts\/336\/revisions"}],"predecessor-version":[{"id":338,"href":"https:\/\/cistoca-imotske-krajine.hr\/cms\/wp-json\/wp\/v2\/posts\/336\/revisions\/338"}],"wp:featuredmedia":[{"embeddable":true,"href":"https:\/\/cistoca-imotske-krajine.hr\/cms\/wp-json\/wp\/v2\/media\/337"}],"wp:attachment":[{"href":"https:\/\/cistoca-imotske-krajine.hr\/cms\/wp-json\/wp\/v2\/media?parent=336"}],"wp:term":[{"taxonomy":"category","embeddable":true,"href":"https:\/\/cistoca-imotske-krajine.hr\/cms\/wp-json\/wp\/v2\/categories?post=336"},{"taxonomy":"post_tag","embeddable":true,"href":"https:\/\/cistoca-imotske-krajine.hr\/cms\/wp-json\/wp\/v2\/tags?post=336"}],"curies":[{"name":"wp","href":"https:\/\/api.w.org\/{rel}","templated":true}]}}